{"id":80,"date":"2026-04-08T19:21:47","date_gmt":"2026-04-08T19:21:47","guid":{"rendered":"https:\/\/eventos.ins.gov.mz\/?p=80"},"modified":"2026-04-08T19:21:48","modified_gmt":"2026-04-08T19:21:48","slug":"conferencia-sobre-o-impacto-das-mudancas-climaticas-na-saude","status":"publish","type":"post","link":"https:\/\/eventos.ins.gov.mz\/index.php\/2026\/04\/08\/conferencia-sobre-o-impacto-das-mudancas-climaticas-na-saude\/","title":{"rendered":"Confer\u00eancia sobre o Impacto das Mudan\u00e7as Clim\u00e1ticas na Sa\u00fade"},"content":{"rendered":"\n<p>Lorem Ipsum&#8230;<\/p>\n","protected":false},"excerpt":{"rendered":"<p>Lorem Ipsum&#8230;<\/p>\n","protected":false},"author":1,"featured_media":78,"comment_status":"open","ping_status":"open","sticky":false,"template":"","format":"standard","meta":{"_acf_changed":false,"footnotes":""},"categories":[1],"tags":[],"class_list":["post-80","post","type-post","status-publish","format-standard","has-post-thumbnail","hentry","category-geral"],"acf":[],"gutentor_comment":0,"_links":{"self":[{"href":"https:\/\/eventos.ins.gov.mz\/index.php\/wp-json\/wp\/v2\/posts\/80","targetHints":{"allow":["GET"]}}],"collection":[{"href":"https:\/\/eventos.ins.gov.mz\/index.php\/wp-json\/wp\/v2\/posts"}],"about":[{"href":"https:\/\/eventos.ins.gov.mz\/index.php\/wp-json\/wp\/v2\/types\/post"}],"author":[{"embeddable":true,"href":"https:\/\/eventos.ins.gov.mz\/index.php\/wp-json\/wp\/v2\/users\/1"}],"replies":[{"embeddable":true,"href":"https:\/\/eventos.ins.gov.mz\/index.php\/wp-json\/wp\/v2\/comments?post=80"}],"version-history":[{"count":1,"href":"https:\/\/eventos.ins.gov.mz\/index.php\/wp-json\/wp\/v2\/posts\/80\/revisions"}],"predecessor-version":[{"id":81,"href":"https:\/\/eventos.ins.gov.mz\/index.php\/wp-json\/wp\/v2\/posts\/80\/revisions\/81"}],"wp:featuredmedia":[{"embeddable":true,"href":"https:\/\/eventos.ins.gov.mz\/index.php\/wp-json\/wp\/v2\/media\/78"}],"wp:attachment":[{"href":"https:\/\/eventos.ins.gov.mz\/index.php\/wp-json\/wp\/v2\/media?parent=80"}],"wp:term":[{"taxonomy":"category","embeddable":true,"href":"https:\/\/eventos.ins.gov.mz\/index.php\/wp-json\/wp\/v2\/categories?post=80"},{"taxonomy":"post_tag","embeddable":true,"href":"https:\/\/eventos.ins.gov.mz\/index.php\/wp-json\/wp\/v2\/tags?post=80"}],"curies":[{"name":"wp","href":"https:\/\/api.w.org\/{rel}","templated":true}]}}